{"id":8135,"__str__":"REQUERIMENTO n\u00ba 341 de 2019","link_detail_backend":"/materia/8135","metadata":{},"numero":341,"ano":2019,"numero_protocolo":2102,"data_apresentacao":"2019-09-02","tipo_apresentacao":"","data_publicacao":null,"numero_origem_externa":"","ano_origem_externa":null,"data_origem_externa":null,"apelido":"","dias_prazo":null,"data_fim_prazo":null,"em_tramitacao":false,"polemica":null,"objeto":"","complementar":null,"ementa":"REQUER \u00e0 Mesa, ouvido o Plen\u00e1rio, para que seja remetido expediente ao Excelent\u00edssimo Senhor Prefeito Tauillo Tezelli solicitando que informe o que se segue:\r\n\r\n\u2022\tQuantos Agentes de endemias est\u00e3o trabalhando atualmente no munic\u00edpio? \r\n\u2022\tDe que forma est\u00e3o organizados para realizar seus trabalhos? Quais bairros visitam e com que frequ\u00eancia em cada bairro?\r\n\u2022\tA quantidade de Agentes atuando neste momento \u00e9 suficiente para atender a necessidade do munic\u00edpio, a fim de prevenir surtos de Dengue e/ou outras doen\u00e7as relacionadas?\r\n\u2022\tOs Agentes est\u00e3o visitando as casas em duplas ou individualmente? Qual a orienta\u00e7\u00e3o da Secretaria de Sa\u00fade neste sentido?\r\n\u2022\tExiste algum tipo de prote\u00e7\u00e3o aos Agentes e, especialmente \u00e0s Agentes para garantir sua integridade e seguran\u00e7a pessoal durante a realiza\u00e7\u00e3o das visitas?\r\n\u2022\tQuais medidas de prote\u00e7\u00e3o e resguardo aos Agentes e \u00e0s Agentes foram tomadas e est\u00e3o em vig\u00eancia para a prote\u00e7\u00e3o destes trabalhadores e trabalhadoras contra qualquer tipo de risco, ass\u00e9dio, abuso ou viol\u00eancia, aos quais eventualmente estejam expostos em decorr\u00eancia da realiza\u00e7\u00e3o de seus trabalhos?\r\n\r\nJustificativa: Os questionamentos se fazem necess\u00e1rios, a fim de que possamos responder aos mun\u00edcipes que nos procuram sobre este assunto.\r\n\r\nSALA DAS SESS\u00d5ES DO PODER LEGISLATIVO DE CAMPO MOUR\u00c3O\r\nEstado do Paran\u00e1, em 02 de Setembro de 2019.\r\n\r\n\r\nProfessor C\u00edcero\r\nVereador - PT","indexacao":"","observacao":"","resultado":"","texto_original":"http://sapl.campomourao.pr.leg.br/media/sapl/public/materialegislativa/2019/8135/requerimento_017_-_questionamento_sobre_agentes_F3oeIT2.pdf","data_ultima_atualizacao":"2020-05-04T09:27:25.516950-03:00","ip":"","ultima_edicao":null,"tipo":1,"regime_tramitacao":4,"tipo_origem_externa":null,"local_origem_externa":null,"user":null,"anexadas":[],"autores":[11]}