{"id":61733,"__str__":"MO\u00c7\u00c3O n\u00ba 1 de 2025","link_detail_backend":"/materia/61733","metadata":{"signs":{"texto_original":{"admin":[],"autores":[["Alex Sandro Alves Nunes:007.172.389-70 2",["2025-01-15T09:15:15-03:00","MUNICIPIO DE CAMPO MOURAO"]],["Claudemir Macedo de Souza",["2025-01-16T08:10:53-03:00","ICP-Brasil"]],["Devanildo Parma Bassi:650.968.949-91 7",["2025-01-15T15:12:23-03:00","MUNICIPIO DE CAMPO MOURAO"]],["Edilson Vedovatti Martins:883.556.919-20 1",["2025-01-15T08:27:50-03:00","MUNICIPIO DE CAMPO MOURAO"]],["Eliane Regina da Silva:007.623.949-78 12",["2025-01-20T10:55:16-03:00","MUNICIPIO DE CAMPO MOURAO"]],["Elvira Maria Schen Lima:404.248.639-87 6",["2025-01-15T14:06:25-03:00","MUNICIPIO DE CAMPO MOURAO"]],["Geraldo Augusto Foltran Teixeira:695.571.529-15 3",["2025-01-15T09:46:10-03:00","MUNICIPIO DE CAMPO MOURAO"]],["Helio Gon\u00e7alves:008.236.399-40 5",["2025-01-15T10:22:50-03:00","MUNICIPIO DE CAMPO MOURAO"]],["Jadir Soares:006.017.919-83 10",["2025-01-16T09:35:17-03:00","MUNICIPIO DE CAMPO MOURAO"]],["Marcio Toshiyki Kaneda Moraes:049.196.059-00 4",["2025-01-15T10:09:45-03:00","MUNICIPIO DE CAMPO MOURAO"]],["Sebastiao Galdino:469.574.999-87 11",["2025-01-20T08:56:26-03:00","MUNICIPIO DE CAMPO MOURAO"]],["Sidnei de Souza Jardim:517.908.079-72 8",["2025-01-15T18:11:21-03:00","MUNICIPIO DE CAMPO MOURAO"]]]}}},"numero":1,"ano":2025,"numero_protocolo":288,"data_apresentacao":"2025-01-20","tipo_apresentacao":"","data_publicacao":null,"numero_origem_externa":"","ano_origem_externa":null,"data_origem_externa":null,"apelido":"","dias_prazo":null,"data_fim_prazo":null,"em_tramitacao":false,"polemica":false,"objeto":"","complementar":false,"ementa":"Mo\u00e7\u00e3o de Congratula\u00e7\u00f5es ao PASTOR JOS\u00c9 ANUNCIA\u00c7\u00c3O DOS SANTOS, pela comemora\u00e7\u00e3o ao seu anivers\u00e1rio de 94 anos no dia 25 de mar\u00e7o de 2025.","indexacao":"","observacao":"","resultado":"","texto_original":"http://sapl.campomourao.pr.leg.br/media/sapl/public/materialegislativa/2025/61733/001-25_-_mocao_-_pastor_jose_anunciacao_dos_santos.pdf","data_ultima_atualizacao":"2025-03-13T11:09:23.704462-03:00","ip":"","ultima_edicao":null,"tipo":7,"regime_tramitacao":4,"tipo_origem_externa":null,"local_origem_externa":null,"user":null,"anexadas":[],"autores":[10,198,6,184,197,1,194,195,4,185,196,186]}