{"id":55237,"__str__":"PROJETO DE LEI n\u00ba 8 de 1973","link_detail_backend":"/materia/55237","metadata":{},"numero":8,"ano":1973,"numero_protocolo":null,"data_apresentacao":"1973-02-15","tipo_apresentacao":"","data_publicacao":null,"numero_origem_externa":"","ano_origem_externa":null,"data_origem_externa":null,"apelido":"","dias_prazo":null,"data_fim_prazo":null,"em_tramitacao":false,"polemica":false,"objeto":"","complementar":false,"ementa":"de autoria do Poder Executivo \u2013 DECLARA DE UTILIDADE P\u00daBLICA PARA FINS DE SE CONVERTER EM ORG\u00c3O OFICIAL DO MUNIC\u00cdPIO, O JORNAL TRIBUNA DO INTERIOR. (PARA FINS DE SE CONVERTER EM \u00d3RG\u00c3O OFICIAL DO MUNICIPIO, O JORNAL TRIBUNA DO INTERIOR, EDITADO NESTA CIDADE PELA EMPRESA JORNAL\u00cdSTICA TRIBUNA LTDA). (Anteprojeto de lei 08/73 do Poder Executivo). Lei 08, de 23/04/73. Livro 01 \u2013 p\u00e1gina 69.","indexacao":"","observacao":"","resultado":"","texto_original":null,"data_ultima_atualizacao":"2022-11-16T10:53:19.449421-03:00","ip":"138.186.111.230","ultima_edicao":"2022-11-16T10:52:42.780419-03:00","tipo":9,"regime_tramitacao":4,"tipo_origem_externa":null,"local_origem_externa":null,"user":26,"anexadas":[],"autores":[]}