{"id":4470,"__str__":"REQUERIMENTO n\u00ba 236 de 2019","link_detail_backend":"/materia/4470","metadata":{},"numero":236,"ano":2019,"numero_protocolo":1497,"data_apresentacao":"2019-06-26","tipo_apresentacao":"","data_publicacao":null,"numero_origem_externa":"","ano_origem_externa":null,"data_origem_externa":null,"apelido":"","dias_prazo":null,"data_fim_prazo":null,"em_tramitacao":false,"polemica":null,"objeto":"","complementar":null,"ementa":"O vereador que o presente subscreve, com fulcro no Art. 134, I do Regimento Interno desta Casa de Leis, REQUER \u00e0 Mesa, encaminhar ao Chefe do Poder Executivo \u2013 Excelent\u00edssimo Senhor Tauillo Tezelli, solicitando que no prazo de 30 (trinta) dias, conforme artigo 55, inciso XVI da Lei Org\u00e2nica Municipal envie para esta Casa de Leis: \r\n\r\nConsiderando que, a Lei 1991/2005, que \u201cDisp\u00f5e sobre a instala\u00e7\u00e3o de cercas energizadas para a prote\u00e7\u00e3o de per\u00edmetros de im\u00f3veis urbanos no Munic\u00edpio de Campo Mour\u00e3o\u201d ;\r\n\r\nConsiderando a mat\u00e9ria publicada no site Tasabendo em 21 de junho de 2019,  a qual o Crea-PR constata irregularidades na instala\u00e7\u00e3o de cercas el\u00e9tricas na regi\u00e3o (em anexo);\r\n \r\n \r\nQuais as medidas est\u00e3o sendo tomadas pelo Poder Executivo para solucionar esses problemas ?","indexacao":"","observacao":"","resultado":"","texto_original":"http://sapl.campomourao.pr.leg.br/media/sapl/public/materialegislativa/2019/4470/17_-cumprir__lei_1991.pdf","data_ultima_atualizacao":"2024-02-07T14:27:49.381284-03:00","ip":"138.186.110.54","ultima_edicao":"2024-02-07T14:27:49.081322-03:00","tipo":1,"regime_tramitacao":4,"tipo_origem_externa":null,"local_origem_externa":null,"user":26,"anexadas":[],"autores":[5]}